{"id":221,"date":"2024-06-23T09:44:24","date_gmt":"2024-06-23T12:44:24","guid":{"rendered":"https:\/\/www.santacatarinalaboure.com.br\/?p=221"},"modified":"2024-06-23T09:44:25","modified_gmt":"2024-06-23T12:44:25","slug":"projeto-pao-nosso-da-paroquia-santa-catarina-laboure-oracao-e-alegria-marcam-natal-de-pessoas-em-situacao-de-rua","status":"publish","type":"post","link":"https:\/\/www.santacatarinalaboure.com.br\/index.php\/2024\/06\/23\/projeto-pao-nosso-da-paroquia-santa-catarina-laboure-oracao-e-alegria-marcam-natal-de-pessoas-em-situacao-de-rua\/","title":{"rendered":"Projeto P\u00e3o Nosso da Par\u00f3quia Santa Catarina Labour\u00e9: ora\u00e7\u00e3o e alegria marcam Natal de pessoas em situa\u00e7\u00e3o de rua"},"content":{"rendered":"\n<p>O clima na Rua Itapecirica , no bairro Lagoinha, era de festa na quinta-feira, dia 14 de dezembro. Muita m\u00fasica e alegria marcaram uma bonita confraterniza\u00e7\u00e3o de Natal, na regi\u00e3o central de Belo Horizonte, preparada por volunt\u00e1rios da Par\u00f3quia Santa Caterina Labour\u00e9. Al\u00e9m do jantar servido na Rua Itapecirica, no bairro Lagoinha, todos puderam apreciar uma bonita apresenta\u00e7\u00e3o do Coral do Clube Jaragu\u00e1. A iniciativa foi dos volunt\u00e1rios do Projeto P\u00e3o Nosso, que, durante todo o ano, duas vezes por semana, distribuem alimentos, roupas, sopa, p\u00e3o e biscoito a moradores de rua de Belo Horizonte.<\/p>\n\n\n\n<p>O Projeto funciona h\u00e1 17 anos, reunindo 50 volunt\u00e1rios. S\u00e3o pessoas que atuam nas pastorais da igreja, membros da comunidade ou simplesmente cidad\u00e3os que se param com a a\u00e7\u00e3o nas ruas da Capital e se oferecem para ajudar. O grupo organiza-se em quatro equipes que realizam os trabalhos buscar os alimentos na Ceasa e na padaria, cozinhar, distribuir a sopa e os lanches.<\/p>\n\n\n\n<p>Quase todos os ingredientes e roupas v\u00eam de doa\u00e7\u00f5es. O dinheiro necess\u00e1rio para compra de algum produto que falte \u00e9 conseguido com a venda de um bazar que comercializa artigos doados a pre\u00e7os simb\u00f3licos.<\/p>\n\n\n\n<p>A espiritualidade \u00e9 um importante componente do Projeto P\u00e3o Nosso. Os volunt\u00e1rios t\u00eam dedicado especial aten\u00e7\u00e3o \u00e0 escuta, ora\u00e7\u00e3o e aconselhamento. Segundo os envolvidos no trabalho, nem sempre a fome das pessoas \u00e9 de comida. O que elas mais buscam \u00e9 uma palavra amiga, ou simplesmente algu\u00e9m disposto a ouvi-las.<\/p>\n","protected":false},"excerpt":{"rendered":"<p>O clima na Rua Itapecirica , no bairro Lagoinha, era de festa na quinta-feira,<span class=\"more-dots\">&#8230;<\/span><\/p>\n","protected":false},"author":1,"featured_media":222,"comment_status":"open","ping_status":"open","sticky":false,"template":"","format":"standard","meta":{"footnotes":""},"categories":[1],"tags":[],"class_list":["post-221","post","type-post","status-publish","format-standard","has-post-thumbnail","hentry","category-noticias"],"yoast_head":"<!-- This site is optimized with the Yoast SEO plugin v22.3 - https:\/\/yoast.com\/wordpress\/plugins\/seo\/ -->\n<title>Projeto P\u00e3o Nosso da Par\u00f3quia Santa Catarina Labour\u00e9: ora\u00e7\u00e3o e alegria marcam Natal de pessoas em situa\u00e7\u00e3o de rua - Par\u00f3quia Santa Catarina Labour\u00e9<\/title>\n<meta name=\"robots\" content=\"index, follow, max-snippet:-1, max-image-preview:large, max-video-preview:-1\" \/>\n<link rel=\"canonical\" href=\"https:\/\/www.santacatarinalaboure.com.br\/index.php\/2024\/06\/23\/projeto-pao-nosso-da-paroquia-santa-catarina-laboure-oracao-e-alegria-marcam-natal-de-pessoas-em-situacao-de-rua\/\" \/>\n<meta property=\"og:locale\" content=\"pt_BR\" \/>\n<meta property=\"og:type\" content=\"article\" \/>\n<meta property=\"og:title\" content=\"Projeto P\u00e3o Nosso da Par\u00f3quia Santa Catarina Labour\u00e9: ora\u00e7\u00e3o e alegria marcam Natal de pessoas em situa\u00e7\u00e3o de rua - Par\u00f3quia Santa Catarina Labour\u00e9\" \/>\n<meta property=\"og:description\" content=\"O clima na Rua Itapecirica , no bairro Lagoinha, era de festa na quinta-feira,...\" \/>\n<meta property=\"og:url\" content=\"https:\/\/www.santacatarinalaboure.com.br\/index.php\/2024\/06\/23\/projeto-pao-nosso-da-paroquia-santa-catarina-laboure-oracao-e-alegria-marcam-natal-de-pessoas-em-situacao-de-rua\/\" \/>\n<meta property=\"og:site_name\" content=\"Par\u00f3quia Santa Catarina Labour\u00e9\" \/>\n<meta property=\"article:published_time\" content=\"2024-06-23T12:44:24+00:00\" \/>\n<meta property=\"article:modified_time\" content=\"2024-06-23T12:44:25+00:00\" \/>\n<meta property=\"og:image\" content=\"http:\/\/www.santacatarinalaboure.com.br\/wp-content\/uploads\/2024\/06\/img-5102-scaled.jpg\" \/>\n\t<meta property=\"og:image:width\" content=\"2560\" \/>\n\t<meta property=\"og:image:height\" content=\"1705\" \/>\n\t<meta property=\"og:image:type\" content=\"image\/jpeg\" \/>\n<meta name=\"author\" content=\"admin\" \/>\n<meta name=\"twitter:card\" content=\"summary_large_image\" \/>\n<meta name=\"twitter:label1\" content=\"Escrito por\" \/>\n\t<meta name=\"twitter:data1\" content=\"admin\" \/>\n\t<meta name=\"twitter:label2\" content=\"Est. tempo de leitura\" \/>\n\t<meta name=\"twitter:data2\" content=\"2 minutos\" \/>\n<script type=\"application\/ld+json\" class=\"yoast-schema-graph\">{\"@context\":\"https:\/\/schema.org\",\"@graph\":[{\"@type\":\"Article\",\"@id\":\"https:\/\/www.santacatarinalaboure.com.br\/index.php\/2024\/06\/23\/projeto-pao-nosso-da-paroquia-santa-catarina-laboure-oracao-e-alegria-marcam-natal-de-pessoas-em-situacao-de-rua\/#article\",\"isPartOf\":{\"@id\":\"https:\/\/www.santacatarinalaboure.com.br\/index.php\/2024\/06\/23\/projeto-pao-nosso-da-paroquia-santa-catarina-laboure-oracao-e-alegria-marcam-natal-de-pessoas-em-situacao-de-rua\/\"},\"author\":{\"name\":\"admin\",\"@id\":\"https:\/\/www.santacatarinalaboure.com.br\/#\/schema\/person\/803c7a9d0a911d5bb80fec0bf37bb1b4\"},\"headline\":\"Projeto P\u00e3o Nosso da Par\u00f3quia Santa Catarina Labour\u00e9: ora\u00e7\u00e3o e alegria marcam Natal de pessoas em situa\u00e7\u00e3o de rua\",\"datePublished\":\"2024-06-23T12:44:24+00:00\",\"dateModified\":\"2024-06-23T12:44:25+00:00\",\"mainEntityOfPage\":{\"@id\":\"https:\/\/www.santacatarinalaboure.com.br\/index.php\/2024\/06\/23\/projeto-pao-nosso-da-paroquia-santa-catarina-laboure-oracao-e-alegria-marcam-natal-de-pessoas-em-situacao-de-rua\/\"},\"wordCount\":281,\"commentCount\":0,\"publisher\":{\"@id\":\"https:\/\/www.santacatarinalaboure.com.br\/#organization\"},\"image\":{\"@id\":\"https:\/\/www.santacatarinalaboure.com.br\/index.php\/2024\/06\/23\/projeto-pao-nosso-da-paroquia-santa-catarina-laboure-oracao-e-alegria-marcam-natal-de-pessoas-em-situacao-de-rua\/#primaryimage\"},\"thumbnailUrl\":\"https:\/\/www.santacatarinalaboure.com.br\/wp-content\/uploads\/2024\/06\/img-5102-scaled.jpg\",\"articleSection\":[\"Not\u00edcias\"],\"inLanguage\":\"pt-BR\",\"potentialAction\":[{\"@type\":\"CommentAction\",\"name\":\"Comment\",\"target\":[\"https:\/\/www.santacatarinalaboure.com.br\/index.php\/2024\/06\/23\/projeto-pao-nosso-da-paroquia-santa-catarina-laboure-oracao-e-alegria-marcam-natal-de-pessoas-em-situacao-de-rua\/#respond\"]}]},{\"@type\":\"WebPage\",\"@id\":\"https:\/\/www.santacatarinalaboure.com.br\/index.php\/2024\/06\/23\/projeto-pao-nosso-da-paroquia-santa-catarina-laboure-oracao-e-alegria-marcam-natal-de-pessoas-em-situacao-de-rua\/\",\"url\":\"https:\/\/www.santacatarinalaboure.com.br\/index.php\/2024\/06\/23\/projeto-pao-nosso-da-paroquia-santa-catarina-laboure-oracao-e-alegria-marcam-natal-de-pessoas-em-situacao-de-rua\/\",\"name\":\"Projeto P\u00e3o Nosso da Par\u00f3quia Santa Catarina Labour\u00e9: ora\u00e7\u00e3o e alegria marcam Natal de pessoas em situa\u00e7\u00e3o de rua - Par\u00f3quia Santa Catarina Labour\u00e9\",\"isPartOf\":{\"@id\":\"https:\/\/www.santacatarinalaboure.com.br\/#website\"},\"primaryImageOfPage\":{\"@id\":\"https:\/\/www.santacatarinalaboure.com.br\/index.php\/2024\/06\/23\/projeto-pao-nosso-da-paroquia-santa-catarina-laboure-oracao-e-alegria-marcam-natal-de-pessoas-em-situacao-de-rua\/#primaryimage\"},\"image\":{\"@id\":\"https:\/\/www.santacatarinalaboure.com.br\/index.php\/2024\/06\/23\/projeto-pao-nosso-da-paroquia-santa-catarina-laboure-oracao-e-alegria-marcam-natal-de-pessoas-em-situacao-de-rua\/#primaryimage\"},\"thumbnailUrl\":\"https:\/\/www.santacatarinalaboure.com.br\/wp-content\/uploads\/2024\/06\/img-5102-scaled.jpg\",\"datePublished\":\"2024-06-23T12:44:24+00:00\",\"dateModified\":\"2024-06-23T12:44:25+00:00\",\"breadcrumb\":{\"@id\":\"https:\/\/www.santacatarinalaboure.com.br\/index.php\/2024\/06\/23\/projeto-pao-nosso-da-paroquia-santa-catarina-laboure-oracao-e-alegria-marcam-natal-de-pessoas-em-situacao-de-rua\/#breadcrumb\"},\"inLanguage\":\"pt-BR\",\"potentialAction\":[{\"@type\":\"ReadAction\",\"target\":[\"https:\/\/www.santacatarinalaboure.com.br\/index.php\/2024\/06\/23\/projeto-pao-nosso-da-paroquia-santa-catarina-laboure-oracao-e-alegria-marcam-natal-de-pessoas-em-situacao-de-rua\/\"]}]},{\"@type\":\"ImageObject\",\"inLanguage\":\"pt-BR\",\"@id\":\"https:\/\/www.santacatarinalaboure.com.br\/index.php\/2024\/06\/23\/projeto-pao-nosso-da-paroquia-santa-catarina-laboure-oracao-e-alegria-marcam-natal-de-pessoas-em-situacao-de-rua\/#primaryimage\",\"url\":\"https:\/\/www.santacatarinalaboure.com.br\/wp-content\/uploads\/2024\/06\/img-5102-scaled.jpg\",\"contentUrl\":\"https:\/\/www.santacatarinalaboure.com.br\/wp-content\/uploads\/2024\/06\/img-5102-scaled.jpg\",\"width\":2560,\"height\":1705},{\"@type\":\"BreadcrumbList\",\"@id\":\"https:\/\/www.santacatarinalaboure.com.br\/index.php\/2024\/06\/23\/projeto-pao-nosso-da-paroquia-santa-catarina-laboure-oracao-e-alegria-marcam-natal-de-pessoas-em-situacao-de-rua\/#breadcrumb\",\"itemListElement\":[{\"@type\":\"ListItem\",\"position\":1,\"name\":\"In\u00edcio\",\"item\":\"https:\/\/www.santacatarinalaboure.com.br\/\"},{\"@type\":\"ListItem\",\"position\":2,\"name\":\"Projeto P\u00e3o Nosso da Par\u00f3quia Santa Catarina Labour\u00e9: ora\u00e7\u00e3o e alegria marcam Natal de pessoas em situa\u00e7\u00e3o de rua\"}]},{\"@type\":\"WebSite\",\"@id\":\"https:\/\/www.santacatarinalaboure.com.br\/#website\",\"url\":\"https:\/\/www.santacatarinalaboure.com.br\/\",\"name\":\"Par\u00f3quia Santa Catarina Labour\u00e9\",\"description\":\"Par\u00f3quia Santa Catarina Labour\u00e9\",\"publisher\":{\"@id\":\"https:\/\/www.santacatarinalaboure.com.br\/#organization\"},\"potentialAction\":[{\"@type\":\"SearchAction\",\"target\":{\"@type\":\"EntryPoint\",\"urlTemplate\":\"https:\/\/www.santacatarinalaboure.com.br\/?s={search_term_string}\"},\"query-input\":\"required name=search_term_string\"}],\"inLanguage\":\"pt-BR\"},{\"@type\":\"Organization\",\"@id\":\"https:\/\/www.santacatarinalaboure.com.br\/#organization\",\"name\":\"Par\u00f3quia Santa Catarina Labour\u00e9\",\"url\":\"https:\/\/www.santacatarinalaboure.com.br\/\",\"logo\":{\"@type\":\"ImageObject\",\"inLanguage\":\"pt-BR\",\"@id\":\"https:\/\/www.santacatarinalaboure.com.br\/#\/schema\/logo\/image\/\",\"url\":\"https:\/\/www.santacatarinalaboure.com.br\/wp-content\/uploads\/2024\/06\/medalha-milagrosa.png\",\"contentUrl\":\"https:\/\/www.santacatarinalaboure.com.br\/wp-content\/uploads\/2024\/06\/medalha-milagrosa.png\",\"width\":402,\"height\":320,\"caption\":\"Par\u00f3quia Santa Catarina Labour\u00e9\"},\"image\":{\"@id\":\"https:\/\/www.santacatarinalaboure.com.br\/#\/schema\/logo\/image\/\"}},{\"@type\":\"Person\",\"@id\":\"https:\/\/www.santacatarinalaboure.com.br\/#\/schema\/person\/803c7a9d0a911d5bb80fec0bf37bb1b4\",\"name\":\"admin\",\"image\":{\"@type\":\"ImageObject\",\"inLanguage\":\"pt-BR\",\"@id\":\"https:\/\/www.santacatarinalaboure.com.br\/#\/schema\/person\/image\/\",\"url\":\"https:\/\/secure.gravatar.com\/avatar\/13daa17937549a1f5d37631a7f6428929bed8204da84122fc7c6ec2594e13191?s=96&d=mm&r=g\",\"contentUrl\":\"https:\/\/secure.gravatar.com\/avatar\/13daa17937549a1f5d37631a7f6428929bed8204da84122fc7c6ec2594e13191?s=96&d=mm&r=g\",\"caption\":\"admin\"},\"sameAs\":[\"http:\/\/www.santacatarinalaboure.com.br\"],\"url\":\"https:\/\/www.santacatarinalaboure.com.br\/index.php\/author\/admin\/\"}]}<\/script>\n<!-- \/ Yoast SEO plugin. -->","yoast_head_json":{"title":"Projeto P\u00e3o Nosso da Par\u00f3quia Santa Catarina Labour\u00e9: ora\u00e7\u00e3o e alegria marcam Natal de pessoas em situa\u00e7\u00e3o de rua - Par\u00f3quia Santa Catarina Labour\u00e9","robots":{"index":"index","follow":"follow","max-snippet":"max-snippet:-1","max-image-preview":"max-image-preview:large","max-video-preview":"max-video-preview:-1"},"canonical":"https:\/\/www.santacatarinalaboure.com.br\/index.php\/2024\/06\/23\/projeto-pao-nosso-da-paroquia-santa-catarina-laboure-oracao-e-alegria-marcam-natal-de-pessoas-em-situacao-de-rua\/","og_locale":"pt_BR","og_type":"article","og_title":"Projeto P\u00e3o Nosso da Par\u00f3quia Santa Catarina Labour\u00e9: ora\u00e7\u00e3o e alegria marcam Natal de pessoas em situa\u00e7\u00e3o de rua - Par\u00f3quia Santa Catarina Labour\u00e9","og_description":"O clima na Rua Itapecirica , no bairro Lagoinha, era de festa na quinta-feira,...","og_url":"https:\/\/www.santacatarinalaboure.com.br\/index.php\/2024\/06\/23\/projeto-pao-nosso-da-paroquia-santa-catarina-laboure-oracao-e-alegria-marcam-natal-de-pessoas-em-situacao-de-rua\/","og_site_name":"Par\u00f3quia Santa Catarina Labour\u00e9","article_published_time":"2024-06-23T12:44:24+00:00","article_modified_time":"2024-06-23T12:44:25+00:00","og_image":[{"width":2560,"height":1705,"url":"http:\/\/www.santacatarinalaboure.com.br\/wp-content\/uploads\/2024\/06\/img-5102-scaled.jpg","type":"image\/jpeg"}],"author":"admin","twitter_card":"summary_large_image","twitter_misc":{"Escrito por":"admin","Est. tempo de leitura":"2 minutos"},"schema":{"@context":"https:\/\/schema.org","@graph":[{"@type":"Article","@id":"https:\/\/www.santacatarinalaboure.com.br\/index.php\/2024\/06\/23\/projeto-pao-nosso-da-paroquia-santa-catarina-laboure-oracao-e-alegria-marcam-natal-de-pessoas-em-situacao-de-rua\/#article","isPartOf":{"@id":"https:\/\/www.santacatarinalaboure.com.br\/index.php\/2024\/06\/23\/projeto-pao-nosso-da-paroquia-santa-catarina-laboure-oracao-e-alegria-marcam-natal-de-pessoas-em-situacao-de-rua\/"},"author":{"name":"admin","@id":"https:\/\/www.santacatarinalaboure.com.br\/#\/schema\/person\/803c7a9d0a911d5bb80fec0bf37bb1b4"},"headline":"Projeto P\u00e3o Nosso da Par\u00f3quia Santa Catarina Labour\u00e9: ora\u00e7\u00e3o e alegria marcam Natal de pessoas em situa\u00e7\u00e3o de rua","datePublished":"2024-06-23T12:44:24+00:00","dateModified":"2024-06-23T12:44:25+00:00","mainEntityOfPage":{"@id":"https:\/\/www.santacatarinalaboure.com.br\/index.php\/2024\/06\/23\/projeto-pao-nosso-da-paroquia-santa-catarina-laboure-oracao-e-alegria-marcam-natal-de-pessoas-em-situacao-de-rua\/"},"wordCount":281,"commentCount":0,"publisher":{"@id":"https:\/\/www.santacatarinalaboure.com.br\/#organization"},"image":{"@id":"https:\/\/www.santacatarinalaboure.com.br\/index.php\/2024\/06\/23\/projeto-pao-nosso-da-paroquia-santa-catarina-laboure-oracao-e-alegria-marcam-natal-de-pessoas-em-situacao-de-rua\/#primaryimage"},"thumbnailUrl":"https:\/\/www.santacatarinalaboure.com.br\/wp-content\/uploads\/2024\/06\/img-5102-scaled.jpg","articleSection":["Not\u00edcias"],"inLanguage":"pt-BR","potentialAction":[{"@type":"CommentAction","name":"Comment","target":["https:\/\/www.santacatarinalaboure.com.br\/index.php\/2024\/06\/23\/projeto-pao-nosso-da-paroquia-santa-catarina-laboure-oracao-e-alegria-marcam-natal-de-pessoas-em-situacao-de-rua\/#respond"]}]},{"@type":"WebPage","@id":"https:\/\/www.santacatarinalaboure.com.br\/index.php\/2024\/06\/23\/projeto-pao-nosso-da-paroquia-santa-catarina-laboure-oracao-e-alegria-marcam-natal-de-pessoas-em-situacao-de-rua\/","url":"https:\/\/www.santacatarinalaboure.com.br\/index.php\/2024\/06\/23\/projeto-pao-nosso-da-paroquia-santa-catarina-laboure-oracao-e-alegria-marcam-natal-de-pessoas-em-situacao-de-rua\/","name":"Projeto P\u00e3o Nosso da Par\u00f3quia Santa Catarina Labour\u00e9: ora\u00e7\u00e3o e alegria marcam Natal de pessoas em situa\u00e7\u00e3o de rua - Par\u00f3quia Santa Catarina Labour\u00e9","isPartOf":{"@id":"https:\/\/www.santacatarinalaboure.com.br\/#website"},"primaryImageOfPage":{"@id":"https:\/\/www.santacatarinalaboure.com.br\/index.php\/2024\/06\/23\/projeto-pao-nosso-da-paroquia-santa-catarina-laboure-oracao-e-alegria-marcam-natal-de-pessoas-em-situacao-de-rua\/#primaryimage"},"image":{"@id":"https:\/\/www.santacatarinalaboure.com.br\/index.php\/2024\/06\/23\/projeto-pao-nosso-da-paroquia-santa-catarina-laboure-oracao-e-alegria-marcam-natal-de-pessoas-em-situacao-de-rua\/#primaryimage"},"thumbnailUrl":"https:\/\/www.santacatarinalaboure.com.br\/wp-content\/uploads\/2024\/06\/img-5102-scaled.jpg","datePublished":"2024-06-23T12:44:24+00:00","dateModified":"2024-06-23T12:44:25+00:00","breadcrumb":{"@id":"https:\/\/www.santacatarinalaboure.com.br\/index.php\/2024\/06\/23\/projeto-pao-nosso-da-paroquia-santa-catarina-laboure-oracao-e-alegria-marcam-natal-de-pessoas-em-situacao-de-rua\/#breadcrumb"},"inLanguage":"pt-BR","potentialAction":[{"@type":"ReadAction","target":["https:\/\/www.santacatarinalaboure.com.br\/index.php\/2024\/06\/23\/projeto-pao-nosso-da-paroquia-santa-catarina-laboure-oracao-e-alegria-marcam-natal-de-pessoas-em-situacao-de-rua\/"]}]},{"@type":"ImageObject","inLanguage":"pt-BR","@id":"https:\/\/www.santacatarinalaboure.com.br\/index.php\/2024\/06\/23\/projeto-pao-nosso-da-paroquia-santa-catarina-laboure-oracao-e-alegria-marcam-natal-de-pessoas-em-situacao-de-rua\/#primaryimage","url":"https:\/\/www.santacatarinalaboure.com.br\/wp-content\/uploads\/2024\/06\/img-5102-scaled.jpg","contentUrl":"https:\/\/www.santacatarinalaboure.com.br\/wp-content\/uploads\/2024\/06\/img-5102-scaled.jpg","width":2560,"height":1705},{"@type":"BreadcrumbList","@id":"https:\/\/www.santacatarinalaboure.com.br\/index.php\/2024\/06\/23\/projeto-pao-nosso-da-paroquia-santa-catarina-laboure-oracao-e-alegria-marcam-natal-de-pessoas-em-situacao-de-rua\/#breadcrumb","itemListElement":[{"@type":"ListItem","position":1,"name":"In\u00edcio","item":"https:\/\/www.santacatarinalaboure.com.br\/"},{"@type":"ListItem","position":2,"name":"Projeto P\u00e3o Nosso da Par\u00f3quia Santa Catarina Labour\u00e9: ora\u00e7\u00e3o e alegria marcam Natal de pessoas em situa\u00e7\u00e3o de rua"}]},{"@type":"WebSite","@id":"https:\/\/www.santacatarinalaboure.com.br\/#website","url":"https:\/\/www.santacatarinalaboure.com.br\/","name":"Par\u00f3quia Santa Catarina Labour\u00e9","description":"Par\u00f3quia Santa Catarina Labour\u00e9","publisher":{"@id":"https:\/\/www.santacatarinalaboure.com.br\/#organization"},"potentialAction":[{"@type":"SearchAction","target":{"@type":"EntryPoint","urlTemplate":"https:\/\/www.santacatarinalaboure.com.br\/?s={search_term_string}"},"query-input":"required name=search_term_string"}],"inLanguage":"pt-BR"},{"@type":"Organization","@id":"https:\/\/www.santacatarinalaboure.com.br\/#organization","name":"Par\u00f3quia Santa Catarina Labour\u00e9","url":"https:\/\/www.santacatarinalaboure.com.br\/","logo":{"@type":"ImageObject","inLanguage":"pt-BR","@id":"https:\/\/www.santacatarinalaboure.com.br\/#\/schema\/logo\/image\/","url":"https:\/\/www.santacatarinalaboure.com.br\/wp-content\/uploads\/2024\/06\/medalha-milagrosa.png","contentUrl":"https:\/\/www.santacatarinalaboure.com.br\/wp-content\/uploads\/2024\/06\/medalha-milagrosa.png","width":402,"height":320,"caption":"Par\u00f3quia Santa Catarina Labour\u00e9"},"image":{"@id":"https:\/\/www.santacatarinalaboure.com.br\/#\/schema\/logo\/image\/"}},{"@type":"Person","@id":"https:\/\/www.santacatarinalaboure.com.br\/#\/schema\/person\/803c7a9d0a911d5bb80fec0bf37bb1b4","name":"admin","image":{"@type":"ImageObject","inLanguage":"pt-BR","@id":"https:\/\/www.santacatarinalaboure.com.br\/#\/schema\/person\/image\/","url":"https:\/\/secure.gravatar.com\/avatar\/13daa17937549a1f5d37631a7f6428929bed8204da84122fc7c6ec2594e13191?s=96&d=mm&r=g","contentUrl":"https:\/\/secure.gravatar.com\/avatar\/13daa17937549a1f5d37631a7f6428929bed8204da84122fc7c6ec2594e13191?s=96&d=mm&r=g","caption":"admin"},"sameAs":["http:\/\/www.santacatarinalaboure.com.br"],"url":"https:\/\/www.santacatarinalaboure.com.br\/index.php\/author\/admin\/"}]}},"_links":{"self":[{"href":"https:\/\/www.santacatarinalaboure.com.br\/index.php\/wp-json\/wp\/v2\/posts\/221","targetHints":{"allow":["GET"]}}],"collection":[{"href":"https:\/\/www.santacatarinalaboure.com.br\/index.php\/wp-json\/wp\/v2\/posts"}],"about":[{"href":"https:\/\/www.santacatarinalaboure.com.br\/index.php\/wp-json\/wp\/v2\/types\/post"}],"author":[{"embeddable":true,"href":"https:\/\/www.santacatarinalaboure.com.br\/index.php\/wp-json\/wp\/v2\/users\/1"}],"replies":[{"embeddable":true,"href":"https:\/\/www.santacatarinalaboure.com.br\/index.php\/wp-json\/wp\/v2\/comments?post=221"}],"version-history":[{"count":1,"href":"https:\/\/www.santacatarinalaboure.com.br\/index.php\/wp-json\/wp\/v2\/posts\/221\/revisions"}],"predecessor-version":[{"id":223,"href":"https:\/\/www.santacatarinalaboure.com.br\/index.php\/wp-json\/wp\/v2\/posts\/221\/revisions\/223"}],"wp:featuredmedia":[{"embeddable":true,"href":"https:\/\/www.santacatarinalaboure.com.br\/index.php\/wp-json\/wp\/v2\/media\/222"}],"wp:attachment":[{"href":"https:\/\/www.santacatarinalaboure.com.br\/index.php\/wp-json\/wp\/v2\/media?parent=221"}],"wp:term":[{"taxonomy":"category","embeddable":true,"href":"https:\/\/www.santacatarinalaboure.com.br\/index.php\/wp-json\/wp\/v2\/categories?post=221"},{"taxonomy":"post_tag","embeddable":true,"href":"https:\/\/www.santacatarinalaboure.com.br\/index.php\/wp-json\/wp\/v2\/tags?post=221"}],"curies":[{"name":"wp","href":"https:\/\/api.w.org\/{rel}","templated":true}]}}